{"id":136,"date":"2012-06-25T20:26:09","date_gmt":"2012-06-25T20:26:09","guid":{"rendered":"http:\/\/iahev.de\/?p=136"},"modified":"2020-04-18T21:47:06","modified_gmt":"2020-04-18T21:47:06","slug":"bundesverdienstkreuz-am-bande-fuer-die-vereinsvorsitzende-der-iah-2","status":"publish","type":"post","link":"https:\/\/iah-ev.de\/?p=136","title":{"rendered":"Bundesverdienstkreuz am Bande f\u00fcr die Vereinsvorsitzende der IAH"},"content":{"rendered":"<p style=\"text-align: justify;\"><span class=\"fbPhotoCaptionText\">Am   Freitag den 22. Juni 2012 wurde im  Historischen Saal des Rathauses   Marburg das Bundesverdienstkreuz am  Bande des Bundesverdienstordens der   Bundesrepublik Deutschland der  Deutsch-Afghanin Shaima Ghafury   verliehen.<\/span><\/p>\n<p style=\"text-align: justify;\"><span class=\"fbPhotoCaptionText\">Shaima   Ghafury, die seit  1992 in Deutschland ihre zweite Heimat gefunden  hat,  wurde vom  Bundespr\u00e4sidenten f\u00fcr ihr \u201eau\u00dferordentliches  ehrenamtliches  Engagement  im kulturellen und sozialen Bereich\u201c, so der  Hessische  Finanzminister  Dr. Thomas Sch\u00e4fer, ausgezeichnet. <\/span><\/p>\n<p style=\"text-align: justify;\"><span class=\"fbPhotoCaptionText\">\u201eShaima   Ghafury ist mit ihrer  Biografie und ihrem vielseitigen Engagement ein   Vorbild f\u00fcr eine gesamte  Generation von Migrantinnen. Sie hat durch  ihr  ehrenamtliches Wirken in  au\u00dferordentlicher Weise zur Verbesserung  der  Integrationschancen von  jungen Frauen in Hessen und Deutschland   beigetragen und auf vielfache  Weise aufgezeigt, wie die Zusammenarbeit   mit Migranten und Migrantinnen  gestaltet werden kann\u201c, erkl\u00e4rte Dr.   Sch\u00e4fer.<\/span><\/p>\n<p><img fetchpriority=\"high\" decoding=\"async\" class=\" size-full wp-image-121\" src=\"http:\/\/iahev.de\/wp-content\/uploads\/2012\/06\/bundesverdienstkreuz_ghafury_1.jpg\" border=\"0\" width=\"715\" height=\"400\" srcset=\"https:\/\/iah-ev.de\/wp-content\/uploads\/2012\/06\/bundesverdienstkreuz_ghafury_1.jpg 960w, https:\/\/iah-ev.de\/wp-content\/uploads\/2012\/06\/bundesverdienstkreuz_ghafury_1-300x168.jpg 300w, https:\/\/iah-ev.de\/wp-content\/uploads\/2012\/06\/bundesverdienstkreuz_ghafury_1-768x430.jpg 768w\" sizes=\"(max-width: 715px) 100vw, 715px\" \/><\/p>\n<p> <!--nextpage--> <\/p>\n<p><img decoding=\"async\" class=\" size-full wp-image-123\" src=\"http:\/\/iahev.de\/wp-content\/uploads\/2012\/06\/bundesverdienstkreuz_ghafury_2.jpg\" border=\"0\" width=\"720\" height=\"960\" srcset=\"https:\/\/iah-ev.de\/wp-content\/uploads\/2012\/06\/bundesverdienstkreuz_ghafury_2.jpg 720w, https:\/\/iah-ev.de\/wp-content\/uploads\/2012\/06\/bundesverdienstkreuz_ghafury_2-225x300.jpg 225w\" sizes=\"(max-width: 720px) 100vw, 720px\" \/><\/p>\n<p><span class=\"hasCaption\"> <\/span><\/p>\n<div class=\"text_exposed_root text_exposed\" style=\"text-align: justify;\"><span>Nach  dem Shaima Ghafury bereits mit 16 Jahren die 12. Klasse beendete,  absolvierte sie mit 23 Jahren in Bulgarien das Studium der  Agraringenieurswissenschaf<\/span><span class=\"word_break\"> <\/span>ten  nicht nur mit Auszeichnung f\u00fcr ihre Leistungen sondern auch mit dem  Titel \u201eBulgariens bester Absolvent des Jahres\u201c. Von 1981 bis 1992 lehrte  sie als Dozentin an der Agrarfakult\u00e4t der Universit\u00e4t Kabul und  ver\u00f6ffentlichte mehrere wissenschaf<span class=\"text_exposed_show\">tliche  B\u00fccher und Forschungsarbeiten und erlangte die Professorenstufe. Nach  der Flucht aus Afghanistan 1992 war sie zun\u00e4chst Familienhelferin beim  Jugendamt Marburg und von 1996 bis 1998 als Mitarbeiterin des  Frauenhauses Marburg besch\u00e4ftigt. Seit 1999 ist sie im Bereich der  Migrantenarbeit bei der \u201eB\u00fcrgerinitiative f\u00fcr soziale Fragen e.V.\u201c und  seit 2003 als Sozial- und Schuldnerberaterin t\u00e4tig. <\/span><\/div>\n<div class=\"text_exposed_root text_exposed\" style=\"text-align: justify;\"><span class=\"text_exposed_show\"><br \/><\/span><\/div>\n<div class=\"text_exposed_root text_exposed\" style=\"text-align: justify;\"><span class=\"text_exposed_show\">Seit 2005 ist  Shaima Ghafury Kuratoriumsmitglied im \u201eMarburger B\u00fcndnis f\u00fcr Familien\u201c  und stellt dort mit ihren Beitr\u00e4gen insbesondere die Perspektiven von  Migranten heraus. Sie engagierte sich zudem f\u00fcr eine arabische  \u00dcbersetzung des Familienatlas` und in der Gruppe \u201eRunder Tisch f\u00fcr  Integration\u201c, die 2008 eine Erkl\u00e4rung der Stadt Marburg und Vertretern  der in Marburg lebenden Migranten und Religionsgemeinschaften zur  F\u00f6rderung der Integration erarbeitet hat. Dar\u00fcber hinaus ist sie seit  2000 Mitglied der \u201eLAG Frauentagung\u201c, die f\u00fcr die politische Bildung der  Frauen in sozialen Brennpunkten Hessens zust\u00e4ndig ist.<\/span><\/div>\n<p>\u00a0<\/p>\n<p><img decoding=\"async\" class=\" size-full wp-image-124\" src=\"http:\/\/iahev.de\/wp-content\/uploads\/2012\/06\/bundesverdienstkreuz_ghafury_3.jpg\" border=\"0\" width=\"720\" height=\"540\" srcset=\"https:\/\/iah-ev.de\/wp-content\/uploads\/2012\/06\/bundesverdienstkreuz_ghafury_3.jpg 960w, https:\/\/iah-ev.de\/wp-content\/uploads\/2012\/06\/bundesverdienstkreuz_ghafury_3-300x225.jpg 300w, https:\/\/iah-ev.de\/wp-content\/uploads\/2012\/06\/bundesverdienstkreuz_ghafury_3-768x576.jpg 768w\" sizes=\"(max-width: 720px) 100vw, 720px\" \/><\/p>\n<div id=\"fbPhotoSnowliftCaption\" class=\"fbPhotosPhotoCaption\">Minister  Dr. Sch\u00e4fer betonte in seiner Rede, \u201eIm Rahmen ihrer beruflichen  T\u00e4tigkeit und ihrer vielen ehrenamtlichen Aufgaben hat Shaima Ghafury  viele lebendige Br\u00fccken zwischen Zuwanderern und Deutschen gebaut\u201c. Sie  war bis 1998 Vorstandsmitglied im Verein \u201eVerein der Nationalen Einheit  und des Fortschritts Afghanistans\u201c, den sie 1993 mitbegr\u00fcndete. Sie  geh\u00f6rte im Jahr 2000 auch der Initiative \u201eVe<span class=\"text_exposed_show\">rst\u00e4ndigung  der Afghanen in Europa\u201c als Mitbegr\u00fcnderin an, in dem sie als  Vorstandsmitglied f\u00fcr ein Jahr diente zudem war sie auch Mitbegr\u00fcnderin  des \u201eafghanischen Kulturvereins e.V.\u201c in dem sie zwei Jahre im Vorstand  t\u00e4tig war. Als Initiatorin und Mitbegr\u00fcnderin des Vereins \u201eInitiative  Afghanisches Handwerk e.V.\u201c im Jahre 1994, f\u00fchrt sie seitdem den  Vorsitz. \u00dcber den Verein initiierte Ghafury einen interkulturellen  Dialog, um in Hessen und anderen Bundesl\u00e4ndern \u00fcber ihr Heimatland und  die Situation vor Ort zu informieren und um weitere Initiativen zur  Verbesserung der Lage von Frauen und M\u00e4dchen zu starten.<\/span><\/div>\n<div class=\"fbPhotosPhotoCaption\"><span class=\"text_exposed_show\"><br \/><\/span><\/div>\n<div class=\"fbPhotosPhotoCaption\"><span class=\"text_exposed_show\"><br \/><\/span><\/div>\n<p><img loading=\"lazy\" decoding=\"async\" class=\" size-full wp-image-125\" src=\"http:\/\/iahev.de\/wp-content\/uploads\/2012\/06\/Bundesverdienstkreuz_Ghafury_4.jpg\" border=\"0\" width=\"720\" height=\"540\" srcset=\"https:\/\/iah-ev.de\/wp-content\/uploads\/2012\/06\/Bundesverdienstkreuz_Ghafury_4.jpg 960w, https:\/\/iah-ev.de\/wp-content\/uploads\/2012\/06\/Bundesverdienstkreuz_Ghafury_4-300x225.jpg 300w, https:\/\/iah-ev.de\/wp-content\/uploads\/2012\/06\/Bundesverdienstkreuz_Ghafury_4-768x576.jpg 768w\" sizes=\"(max-width: 720px) 100vw, 720px\" \/><\/p>\n<div id=\"fbPhotoSnowliftCaption\" class=\"fbPhotosPhotoCaption\"><span class=\"hasCaption\">\u00dcber  mehr als 120 eingeladene G\u00e4ste teilten den besonderen Tag mit Frau  Shaima Ghafury, an dem sie mit dem Bundesverdienstkreuz am Bande des  Bundesverdienstordens der Bundesrepublik Deutschland geehrt wurde. <br \/> Unter den eingeladenen G\u00e4sten waren unter anderem: der  Oberb\u00fcrgermeister, der B\u00fcrgermeister, Stadtrats Vertreter,  Stadtverordnetenvorsteher der Universit\u00e4tsstadt Marburg;  Bundestagsabgeordnete, der hessische Finanzminister und der  Ehrenamtsbeauftragte.<\/span><\/div>\n<div class=\"fbPhotosPhotoCaption\"><span class=\"hasCaption\"><br \/><\/span><\/div>\n<div id=\"fbPhotoSnowliftTagList\" class=\"fbPhotoTagList\"><span class=\"fcg\"> <\/span><\/div>\n<p><img loading=\"lazy\" decoding=\"async\" class=\" size-full wp-image-126\" src=\"http:\/\/iahev.de\/wp-content\/uploads\/2012\/06\/bundesverdienstkreuz_ghafury_5.jpg\" border=\"0\" width=\"720\" height=\"540\" srcset=\"https:\/\/iah-ev.de\/wp-content\/uploads\/2012\/06\/bundesverdienstkreuz_ghafury_5.jpg 960w, https:\/\/iah-ev.de\/wp-content\/uploads\/2012\/06\/bundesverdienstkreuz_ghafury_5-300x225.jpg 300w, https:\/\/iah-ev.de\/wp-content\/uploads\/2012\/06\/bundesverdienstkreuz_ghafury_5-768x576.jpg 768w\" sizes=\"(max-width: 720px) 100vw, 720px\" \/><\/p>\n<p><span class=\"hasCaption\">\u201eSie hat sich in herausragender Weise  ehrenamtlich engagiert dabei lag der Schwerpunkt auf der intellektuellen  Auseinandersetzung mit der jeweils aktuellen politisch \u2013  gesellschaftlichen  Situation der Menschen in ihrem Heimatland  Afghanistan.&#8220; <\/p>\n<p> \u201eFrau Ghafury liegt es sehr am Herzen, dass auch  afghanische M\u00e4dchen an der Bildung teilhaben und so organisierte der  Verein IAH e.V. mehrere Homeschools<span class=\"text_exposed_show\">, die haupts\u00e4chlich von M\u00e4dchen besucht werden.\u201c<\/p>\n<p> \u201eIch habe Frau Shaima Ghafury als eine Person kennengelernt, die  zuversichtlich, optimistisch in die Zukunft schaut, der Vertrauen gibt,  der Vertrauen schenkt und die Hoffnung macht und das ist etwas  Au\u00dfergew\u00f6hnliches, das ist Etwas, was man so oft nicht findet.\u201c <\/p>\n<p> \u201eWir freuen uns alle \u00fcber diese Ehrung, Sie haben sie verdient.\u201c<\/p>\n<p> Herr Oberb\u00fcrgermeister der Universit\u00e4tsstadt Marburg Egon Vaupel<\/span><\/span><\/p>\n<p>\u00a0<\/p>\n<p>\u00a0<\/p>\n<p><img loading=\"lazy\" decoding=\"async\" class=\" size-full wp-image-127\" src=\"http:\/\/iahev.de\/wp-content\/uploads\/2012\/06\/Bundesverdienstkreuz_Ghafury_6.jpg\" border=\"0\" width=\"750\" height=\"550\" srcset=\"https:\/\/iah-ev.de\/wp-content\/uploads\/2012\/06\/Bundesverdienstkreuz_Ghafury_6.jpg 750w, https:\/\/iah-ev.de\/wp-content\/uploads\/2012\/06\/Bundesverdienstkreuz_Ghafury_6-300x220.jpg 300w\" sizes=\"(max-width: 750px) 100vw, 750px\" \/><\/p>\n<p><span class=\"hasCaption\">\u201eWir k\u00f6nnen stolz darauf sein Frau Shaima Ghafury als B\u00fcrgerin in unserer Mitte zu haben.\u201c<\/p>\n<p> Links: Heinrich L\u00f6wer, Stadtverordnetenvorsteher<br \/> Rechts: Horst Mania, Ortsvorsteher Moischt<\/span><\/p>\n<p>\u00a0<\/p>\n<p><span class=\"hasCaption\"><br \/><\/span><\/p>\n<p><img loading=\"lazy\" decoding=\"async\" class=\" size-full wp-image-128\" src=\"http:\/\/iahev.de\/wp-content\/uploads\/2012\/06\/Bundesverdienstkreuz_Ghafury_7.jpg\" border=\"0\" width=\"720\" height=\"540\" srcset=\"https:\/\/iah-ev.de\/wp-content\/uploads\/2012\/06\/Bundesverdienstkreuz_Ghafury_7.jpg 960w, https:\/\/iah-ev.de\/wp-content\/uploads\/2012\/06\/Bundesverdienstkreuz_Ghafury_7-300x225.jpg 300w, https:\/\/iah-ev.de\/wp-content\/uploads\/2012\/06\/Bundesverdienstkreuz_Ghafury_7-768x576.jpg 768w\" sizes=\"(max-width: 720px) 100vw, 720px\" \/><\/p>\n<p><span class=\"hasCaption\">\u201eWenn Frau Shaima Ghafury von Afghanistan  spricht, wenn sie dar\u00fcber reflektiert und nachdenkt, ist sie immer bei  den Menschen ihres Landes, dies ist meines Erachtens eines der  herausragenden Merkmale ihres Sprechens, ihres Denkens und ihres  Handels, \u00fcberhaupt, dass sie sich an den Menschen orientiert. Es ist  gerade ihr grundlegend menschlicher, sozialer und dabei grunds\u00e4tzlich  realistischer Blickw<span class=\"text_exposed_show\">inkel und Ansatz,  von dem sie aus die Probleme und Ph\u00e4nomene betrachtet und in ihr Handeln  mit einflie\u00dfen l\u00e4sst und danach ausrichtet. Diese Haltung ist es, die  mich sehr tief beeindruckt und die ihre Pers\u00f6nlichkeit f\u00fcr mich  \u00fcberzeugend und sehr authentisch wirken l\u00e4sst.\u201c<\/p>\n<p> Frau Dr. Nina K\u00f6llhofer, Mitglied im Vorstand der IAH e.V. und gute Freundin von Shaima Ghafury<\/span><\/span><\/p>\n<p>\u00a0<\/p>\n<p><span class=\"hasCaption\"><span class=\"text_exposed_show\"><br \/><\/span><\/span><\/p>\n<p><img loading=\"lazy\" decoding=\"async\" class=\" size-full wp-image-129\" src=\"http:\/\/iahev.de\/wp-content\/uploads\/2012\/06\/Bundesverdienstkreuz_Ghafury_8.jpg\" border=\"0\" width=\"750\" height=\"550\" srcset=\"https:\/\/iah-ev.de\/wp-content\/uploads\/2012\/06\/Bundesverdienstkreuz_Ghafury_8.jpg 750w, https:\/\/iah-ev.de\/wp-content\/uploads\/2012\/06\/Bundesverdienstkreuz_Ghafury_8-300x220.jpg 300w\" sizes=\"(max-width: 750px) 100vw, 750px\" \/><\/p>\n<p><span class=\"hasCaption\">&#8222;Shaima Ghafury ist als Mensch, als Kollegin, als Freundin einfach wertvoll.\u201c<\/p>\n<p> Links: Erika Lotz-Halilovic, Ortsvorsteher Richtsberg<br \/> Rechts: Christa Winter, Frauenbeauftragte nach dem Hessischen Gleichberechtigungsgesetz<\/span><\/p>\n<p>\u00a0<\/p>\n<p>\u00a0<\/p>\n<p><img loading=\"lazy\" decoding=\"async\" class=\" size-full wp-image-130\" src=\"http:\/\/iahev.de\/wp-content\/uploads\/2012\/06\/Bundesverdienstkreuz_Ghafury_9.jpg\" border=\"0\" width=\"509\" height=\"527\" srcset=\"https:\/\/iah-ev.de\/wp-content\/uploads\/2012\/06\/Bundesverdienstkreuz_Ghafury_9.jpg 509w, https:\/\/iah-ev.de\/wp-content\/uploads\/2012\/06\/Bundesverdienstkreuz_Ghafury_9-290x300.jpg 290w\" sizes=\"(max-width: 509px) 100vw, 509px\" \/><\/p>\n<p><span class=\"hasCaption\">\u201eIch bin stolz so eine Migrantin kennengelernt zu haben, die auch ein besonderes Beispiel f\u00fcr eine integrierte Frau ist.\u201c<\/p>\n<p> Oben: Frau Petrosya, Vorsitzende des Ausl\u00e4nderbeirates Marburg<\/p>\n<p> \u201eDu bist nicht nur in deinem Arbeitsleben immer verantwortungsvoll,  aktiv, flei\u00dfig, sondern du bist auch eine ganz wunderbare Mutter, eine  ehrliche und mutige Ehefrau und eine stets freundliche und hilfsbereite  Freundin f\u00fcr uns alle.\u201c<\/p>\n<p> Unten: Hosay Babak, Vorstandsmitglied des &#8222;Afghanischen Kulturvereins Marburg e.V.&#8220;<\/span><\/p>\n<div id=\"fbPhotoSnowliftTagList\" class=\"fbPhotoTagList\"><span class=\"fcg\"> <\/span><\/div>\n<p>\u00a0<\/p>\n<p>\u00a0<\/p>\n<p><img loading=\"lazy\" decoding=\"async\" class=\" size-full wp-image-131\" src=\"http:\/\/iahev.de\/wp-content\/uploads\/2012\/06\/Bundesverdienstkreuz_Ghafury_10.jpg\" border=\"0\" width=\"750\" height=\"550\" srcset=\"https:\/\/iah-ev.de\/wp-content\/uploads\/2012\/06\/Bundesverdienstkreuz_Ghafury_10.jpg 750w, https:\/\/iah-ev.de\/wp-content\/uploads\/2012\/06\/Bundesverdienstkreuz_Ghafury_10-300x220.jpg 300w\" sizes=\"(max-width: 750px) 100vw, 750px\" \/><\/p>\n<p><span class=\"hasCaption\">&#8222;Herzlichen Dank, dass du bei uns bist.&#8220;<\/p>\n<p> Links: Karin Ackermann-Feulner, Gesch\u00e4ftsf\u00fchrerin der  &#8222;B\u00fcrgerinitiative f\u00fcr soziale Fragen e. v.&#8220;<br \/> <\/span><\/p>\n<p><span class=\"hasCaption\"><br \/> \u201eIhre Tugendhaftigkeit, Rechtschaffenheit, Aufrichtigkeit und ihren  besonderen Sinn f\u00fcr Gerechtigkeit k\u00f6nnen wir uns nur zum Vorbild nehmen.  Ihr Einsatz f\u00fcr ihre Mitmenschen und die Gesellschaft sucht  Ihresgleichen.\u201c<br \/><span class=\"text_exposed_show\"> <br \/> Rechts: Belkis Ghafury, Tochter<\/span><\/span><\/p>\n<p>\u00a0<\/p>\n<p>\u00a0<\/p>\n<p><span class=\"hasCaption\">Nach dem offiziellen Teil gab es neben Kaffee und Kuchen einige afghanische K\u00f6stlichkeiten.<\/span><\/p>\n<p><img loading=\"lazy\" decoding=\"async\" class=\" size-full wp-image-132\" src=\"http:\/\/iahev.de\/wp-content\/uploads\/2012\/06\/Bundesverdienstkreuz_Ghafury_11.jpg\" border=\"0\" width=\"720\" height=\"540\" srcset=\"https:\/\/iah-ev.de\/wp-content\/uploads\/2012\/06\/Bundesverdienstkreuz_Ghafury_11.jpg 960w, https:\/\/iah-ev.de\/wp-content\/uploads\/2012\/06\/Bundesverdienstkreuz_Ghafury_11-300x225.jpg 300w, https:\/\/iah-ev.de\/wp-content\/uploads\/2012\/06\/Bundesverdienstkreuz_Ghafury_11-768x576.jpg 768w\" sizes=\"(max-width: 720px) 100vw, 720px\" \/><\/p>\n<p><span class=\"hasCaption\"><img loading=\"lazy\" decoding=\"async\" class=\" size-full wp-image-133\" src=\"http:\/\/iahev.de\/wp-content\/uploads\/2012\/06\/Bundesverdienstkreuz_Ghafury_12.jpg\" border=\"0\" width=\"720\" height=\"540\" srcset=\"https:\/\/iah-ev.de\/wp-content\/uploads\/2012\/06\/Bundesverdienstkreuz_Ghafury_12.jpg 960w, https:\/\/iah-ev.de\/wp-content\/uploads\/2012\/06\/Bundesverdienstkreuz_Ghafury_12-300x225.jpg 300w, https:\/\/iah-ev.de\/wp-content\/uploads\/2012\/06\/Bundesverdienstkreuz_Ghafury_12-768x576.jpg 768w\" sizes=\"(max-width: 720px) 100vw, 720px\" \/><\/span><\/p>\n<p>\u00a0<\/p>\n<p> <!--nextpage--> <\/p>\n<p><img loading=\"lazy\" decoding=\"async\" class=\" size-full wp-image-134\" src=\"http:\/\/iahev.de\/wp-content\/uploads\/2012\/06\/OP_22_06_2012.jpg\" border=\"0\" width=\"860\" height=\"860\" srcset=\"https:\/\/iah-ev.de\/wp-content\/uploads\/2012\/06\/OP_22_06_2012-300x300.jpg 300w, https:\/\/iah-ev.de\/wp-content\/uploads\/2012\/06\/OP_22_06_2012-150x150.jpg 150w\" sizes=\"(max-width: 860px) 100vw, 860px\" \/><\/p>\n<p> <!--nextpage--> <\/p>\n<p><img loading=\"lazy\" decoding=\"async\" class=\" size-full wp-image-135\" src=\"http:\/\/iahev.de\/wp-content\/uploads\/2012\/06\/OP_23_06_2012.jpg\" border=\"0\" width=\"443\" height=\"988\" srcset=\"https:\/\/iah-ev.de\/wp-content\/uploads\/2012\/06\/OP_23_06_2012.jpg 443w, https:\/\/iah-ev.de\/wp-content\/uploads\/2012\/06\/OP_23_06_2012-135x300.jpg 135w\" sizes=\"(max-width: 443px) 100vw, 443px\" \/><\/p>\n","protected":false},"excerpt":{"rendered":"<p>Am Freitag den 22. Juni 2012 wurde im Historischen Saal des Rathauses Marburg das Bundesverdienstkreuz am Bande des Bundesverdienstordens der Bundesrepublik Deutschland der Deutsch-Afghanin Shaima Ghafury verliehen. Shaima Ghafury, die seit 1992 in Deutschland ihre zweite Heimat gefunden hat, wurde vom Bundespr\u00e4sidenten f\u00fcr ihr \u201eau\u00dferordentliches ehrenamtliches Engagement im kulturellen und sozialen Bereich\u201c, so der Hessische [&hellip;]<\/p>\n","protected":false},"author":1,"featured_media":121,"comment_status":"open","ping_status":"open","sticky":false,"template":"","format":"standard","meta":[],"categories":[2,13,8],"tags":[],"_links":{"self":[{"href":"https:\/\/iah-ev.de\/index.php?rest_route=\/wp\/v2\/posts\/136"}],"collection":[{"href":"https:\/\/iah-ev.de\/index.php?rest_route=\/wp\/v2\/posts"}],"about":[{"href":"https:\/\/iah-ev.de\/index.php?rest_route=\/wp\/v2\/types\/post"}],"author":[{"embeddable":true,"href":"https:\/\/iah-ev.de\/index.php?rest_route=\/wp\/v2\/users\/1"}],"replies":[{"embeddable":true,"href":"https:\/\/iah-ev.de\/index.php?rest_route=%2Fwp%2Fv2%2Fcomments&post=136"}],"version-history":[{"count":1,"href":"https:\/\/iah-ev.de\/index.php?rest_route=\/wp\/v2\/posts\/136\/revisions"}],"predecessor-version":[{"id":622,"href":"https:\/\/iah-ev.de\/index.php?rest_route=\/wp\/v2\/posts\/136\/revisions\/622"}],"wp:featuredmedia":[{"embeddable":true,"href":"https:\/\/iah-ev.de\/index.php?rest_route=\/wp\/v2\/media\/121"}],"wp:attachment":[{"href":"https:\/\/iah-ev.de\/index.php?rest_route=%2Fwp%2Fv2%2Fmedia&parent=136"}],"wp:term":[{"taxonomy":"category","embeddable":true,"href":"https:\/\/iah-ev.de\/index.php?rest_route=%2Fwp%2Fv2%2Fcategories&post=136"},{"taxonomy":"post_tag","embeddable":true,"href":"https:\/\/iah-ev.de\/index.php?rest_route=%2Fwp%2Fv2%2Ftags&post=136"}],"curies":[{"name":"wp","href":"https:\/\/api.w.org\/{rel}","templated":true}]}}