{"id":50,"date":"2011-05-04T21:50:50","date_gmt":"2011-05-04T21:50:50","guid":{"rendered":"http:\/\/iahev.de\/?p=50"},"modified":"2020-04-18T21:57:30","modified_gmt":"2020-04-18T21:57:30","slug":"kinder-lernen-das-leben-in-afghanistan-intensiv-kennen","status":"publish","type":"post","link":"https:\/\/iah-ev.de\/?p=50","title":{"rendered":"Kinder lernen das Leben in Afghanistan intensiv kennen"},"content":{"rendered":"<p style=\"text-align: justify;\">Ganz im Zeichen des Projekts zur Unterst\u00fctzung der \u201cInitiative afghanisches Handwerk\u201c stand das Fr\u00fchjahrs-Schulfest der Am\u00f6neburger Grundschule.<\/p>\n<figure id=\"attachment_49\" aria-describedby=\"caption-attachment-49\" style=\"width: 414px\" class=\"wp-caption alignnone\"><img fetchpriority=\"high\" decoding=\"async\" class=\"caption size-full wp-image-49\" title=\"Am\u00f6neburger Kinder lernten eine Schulstunde kennen, wie sie in Afghanistan abgehalten wird.  \u00a9 Alfons Wieber\" src=\"http:\/\/iahev.de\/wp-content\/uploads\/2011\/05\/op-20110426-schule-amoeneburg.jpg\" width=\"414\" height=\"251\" border=\"0\" \/><figcaption id=\"caption-attachment-49\" class=\"wp-caption-text\">Am\u00f6neburger Kinder lernten eine Schulstunde kennen, wie sie in Afghanistan abgehalten wird. \u00a9 Alfons Wieber<\/figcaption><\/figure>\n<p class=\"MsoNormal\">\n<p style=\"text-align: justify;\"><strong> Am\u00f6neburg. <\/strong>In der Aula der Schule erinnerte Schulleiterin Beate Wagner-Nowicki bei ihrer Begr\u00fc\u00dfung der Sch\u00fcler und zahlreich erschienenen Eltern an das 30-j\u00e4hrige Bestehen des eigenen Schulgeb\u00e4udes.<\/p>\n<p style=\"text-align: justify;\">\n<p style=\"text-align: justify;\">\u201cWir freuen uns \u00fcber das sch\u00f6ne Geb\u00e4ude und seine Ausstattung. Aber wir wissen auch von L\u00e4ndern, in denen es nicht so selbstverst\u00e4ndlich ist, dass Kinder zur Schule gehen k\u00f6nnen\u201c, betonte die Schulleiterin.<\/p>\n<p style=\"text-align: justify;\">Reinhard Forst hatte die finanzielle Unterst\u00fctzung des Aufbaues neuer M\u00e4dchenschulen in Afghanistan initiiert (diese Zeitung berichtete). Grundschule und Stiftsschule engagieren sich beide unabh\u00e4ngig voneinander daf\u00fcr.<\/p>\n<p style=\"text-align: justify;\">Mittlerweile ist es bereits gelungen sieben M\u00e4dchenschulen zu gr\u00fcnden, f\u00fcr deren Ausstattung zu sorgen und die Lehrer zu finden, welche die M\u00e4dchen unterrichten.<\/p>\n<p style=\"text-align: justify;\">Mit einem afghanischen Tanz, den Belkis Ghafury mit den Kindern einstudiert hatte, und einer Unterrichtsstunde, wie sie in einer afghanischen Schule gehalten wird, wurden die Besucher in der Sporthalle der Schule auf das Fest eingestimmt.<\/p>\n<p><em>von Alfons Wieber, erschienen in Oberhessische Presse OP Marburg, Stand 26.04.2011<br \/>\n<\/em><em><a title=\"Zum Original-Artikel\" href=\"http:\/\/www.op-marburg.de\/Lokales\/Ostkreis\/Kinder-lernen-das-Leben-in-Afghanistan-intensiv-kennen\">http:\/\/www.op-marburg.de\/Lokales\/Ostkreis\/Kinder-lernen-das-Leben-in-Afghanistan-intensiv-kennen<\/a> <\/em><\/p>\n","protected":false},"excerpt":{"rendered":"<p>Ganz im Zeichen des Projekts zur Unterst\u00fctzung der \u201cInitiative afghanisches Handwerk\u201c stand das Fr\u00fchjahrs-Schulfest der Am\u00f6neburger Grundschule. Am\u00f6neburg. In der Aula der Schule erinnerte Schulleiterin Beate Wagner-Nowicki bei ihrer Begr\u00fc\u00dfung der Sch\u00fcler und zahlreich erschienenen Eltern an das 30-j\u00e4hrige Bestehen des eigenen Schulgeb\u00e4udes. \u201cWir freuen uns \u00fcber das sch\u00f6ne Geb\u00e4ude und seine Ausstattung. Aber wir [&hellip;]<\/p>\n","protected":false},"author":1,"featured_media":49,"comment_status":"open","ping_status":"open","sticky":false,"template":"","format":"standard","meta":[],"categories":[2,13],"tags":[],"_links":{"self":[{"href":"https:\/\/iah-ev.de\/index.php?rest_route=\/wp\/v2\/posts\/50"}],"collection":[{"href":"https:\/\/iah-ev.de\/index.php?rest_route=\/wp\/v2\/posts"}],"about":[{"href":"https:\/\/iah-ev.de\/index.php?rest_route=\/wp\/v2\/types\/post"}],"author":[{"embeddable":true,"href":"https:\/\/iah-ev.de\/index.php?rest_route=\/wp\/v2\/users\/1"}],"replies":[{"embeddable":true,"href":"https:\/\/iah-ev.de\/index.php?rest_route=%2Fwp%2Fv2%2Fcomments&post=50"}],"version-history":[{"count":2,"href":"https:\/\/iah-ev.de\/index.php?rest_route=\/wp\/v2\/posts\/50\/revisions"}],"predecessor-version":[{"id":642,"href":"https:\/\/iah-ev.de\/index.php?rest_route=\/wp\/v2\/posts\/50\/revisions\/642"}],"wp:featuredmedia":[{"embeddable":true,"href":"https:\/\/iah-ev.de\/index.php?rest_route=\/wp\/v2\/media\/49"}],"wp:attachment":[{"href":"https:\/\/iah-ev.de\/index.php?rest_route=%2Fwp%2Fv2%2Fmedia&parent=50"}],"wp:term":[{"taxonomy":"category","embeddable":true,"href":"https:\/\/iah-ev.de\/index.php?rest_route=%2Fwp%2Fv2%2Fcategories&post=50"},{"taxonomy":"post_tag","embeddable":true,"href":"https:\/\/iah-ev.de\/index.php?rest_route=%2Fwp%2Fv2%2Ftags&post=50"}],"curies":[{"name":"wp","href":"https:\/\/api.w.org\/{rel}","templated":true}]}}